{"id":745,"date":"2013-05-14T08:29:12","date_gmt":"2013-05-14T08:29:12","guid":{"rendered":"http:\/\/www.dhhn.de\/?p=745"},"modified":"2013-05-14T08:29:12","modified_gmt":"2013-05-14T08:29:12","slug":"fruhlings-hilfstransport-nach-rumanien","status":"publish","type":"post","link":"https:\/\/www.dhhn.de\/en\/fruhlings-hilfstransport-nach-rumanien\/","title":{"rendered":"Fr\u00fchlings-Hilfstransport nach Rum\u00e4nien"},"content":{"rendered":"<p>Ein letzter Wintertransport f\u00fcr diese Saison, oder doch schon Fr\u00fchling? Der Lkw war diesmal nicht vollgeladen. Ich musste im Norden \u00d6sterreichs noch etwas f\u00fcr die Fackeltr\u00e4ger abholen. Lange habe ich die Karte studiert, wie ich am besten fahre. Passau, Engelhartszell und dann nach Norden in die Pampa. Doch leider wusste die Karte nicht, dass die Br\u00fccke \u00fcber die Donau nur 7,5 Tonnen h\u00e4lt. So musste ich mitten auf einer engen Ampelkreuzung mit viel Verkehr umdrehen. Bei jeder Rotphase konnte ich eine Autol\u00e4nge zur\u00fcck&#8230; Leider hat kein Autofahrer mitgedacht und hat einfach etwas Abstand gelassen&#8230;<\/p>\n<p>Quer durch die Ausl\u00e4ufer des Bayrischen Waldes kam ich dann auf schmalen, steilen und kurvigen Stra\u00dfen an die Ladestelle, im Schneetreiben machten wir den Anh\u00e4nger noch voll.<\/p>\n<p>Am n\u00e4chsten Tag durchquerte ich \u00d6sterreich und Ungarn, am dritten Tag dann Rum\u00e4nien. Auf einer sehr schlechten Stra\u00dfe von Oradea nach Deva passierte dann etwas noch nie dagewesenes: Direkt nach einer heftigen Bodenwelle-Schlaglochkombination duschte ich. Bei voller Fahrt im F\u00fchrerhaus. Ich war v\u00f6llig perplex und bremste erst mal ab. W\u00e4hrenddessen bemerkte ich einen leckeren Apfelduft in F\u00fchrerhaus, das Wasser in meinem Gesicht schmeckte auch nach Apfel. Was ist passiert? \u00dcber dem Beifahrersitz hat es ein Fach, in dem der DHHN-Metallstempel \u201ewohnt\u201c. Vor dem Beifahrersitz lag eine 1,5l Apfelschorle Flasche. Der Rest ist eurer Phantasie \u00fcberlassen. Nach 1 Stunde putzen ging es dann weiter&#8230;<\/p>\n<p>[singlepic id=328 w=600 h=370 float=]<em> &#8230;typische Szene unterwegs in Rum\u00e4nien<br \/>\n<\/em><\/p>\n<p>Bei der Suppenk\u00fcche in Calan angekommen machten wir uns gleich ans Ausladen. Angelika und Matthias hatten Besuch von ihren Verwandten aus Deutschland, so ging das Abladen schnell von der Hand. Palettenweise Kindernahrung und Waschmittel, Paket f\u00fcr Paket abgeladen. Dringend erwarteter Nachschub f\u00fcr die Suppenk\u00fcche.<\/p>\n<p>[singlepic id=327 w=600 h=370 float=]<em> &#8230;beim Abladen in Calan.<br \/>\n<\/em><\/p>\n<p>N\u00e4chste Station war dann unser Verteilzentrum in Burgberg. Hier wurde ich voller Freude erwartet, es gab erst mal leckeres Lamm. Beim Ausladen packten dann alle mit an: Kleider, Schuhe, Lebensmittel, Waschmittel, Bettdecken, Matratzen und noch viel mehr wurden alles von Hand ausgeladen und in der Scheune gestapelt. Doch dort bleibt es nicht lange. Familie Stefani hat Kontakte nach ganz Rum\u00e4nien, \u00fcberall wird den Bed\u00fcrftigen dann geholfen.<\/p>\n<p>[singlepic id=329 w=600 h=370 float=]<em> &#8230;beim Abladen in Burgberg<br \/>\n<\/em><\/p>\n<p>Weiter gings zum Kinderheim Bazna. Auch hier war die Freude \u00fcber die mitgebrachten Sachen gro\u00df. Langsam werden die Kinder richtig gro\u00df, sie gehen alle schon zur Schule. Es ist immer wieder eine Freude zu sehen, wie gut sie sich entwickeln. Ab Sommer werden dann schon drei Kinder auf weiterf\u00fchrende Schulen gehen, mit dem Bus in die n\u00e4chste Stadt. Das bedeutet h\u00f6here Kosten. Wer kann uns da helfen?<\/p>\n<p>Weiter gings dann zur letzten Station nach Risnov zu den Fackeltr\u00e4gern. In herrlicher Natur luden wir hier noch den Anh\u00e4nger voll aus. Am n\u00e4chsten Morgen ging es dann wieder gen Westen, problemlos kam ich nach drei Tagen wieder daheim an.<\/p>\n<p>[singlepic id=330 w=600 h=370 float=]<em> &#8230;Rum\u00e4nien.<br \/>\n<\/em><\/p>\n<p>&nbsp;<\/p>\n","protected":false},"excerpt":{"rendered":"<p>Ein letzter Wintertransport f\u00fcr diese Saison, oder doch schon Fr\u00fchling? Der Lkw war diesmal nicht vollgeladen. Ich musste im Norden \u00d6sterreichs noch etwas f\u00fcr die Fackeltr\u00e4ger abholen. Lange habe ich die Karte studiert, wie ich am besten fahre. Passau, Engelhartszell und dann nach Norden in die Pampa. Doch leider wusste die Karte nicht, dass die [&hellip;]<\/p>\n","protected":false},"author":2,"featured_media":0,"comment_status":"closed","ping_status":"closed","sticky":false,"template":"","format":"standard","meta":{"_bbp_topic_count":0,"_bbp_reply_count":0,"_bbp_total_topic_count":0,"_bbp_total_reply_count":0,"_bbp_voice_count":0,"_bbp_anonymous_reply_count":0,"_bbp_topic_count_hidden":0,"_bbp_reply_count_hidden":0,"_bbp_forum_subforum_count":0,"footnotes":""},"categories":[1],"tags":[],"class_list":["post-745","post","type-post","status-publish","format-standard","hentry","category-allgemein"],"_links":{"self":[{"href":"https:\/\/www.dhhn.de\/en\/wp-json\/wp\/v2\/posts\/745","targetHints":{"allow":["GET"]}}],"collection":[{"href":"https:\/\/www.dhhn.de\/en\/wp-json\/wp\/v2\/posts"}],"about":[{"href":"https:\/\/www.dhhn.de\/en\/wp-json\/wp\/v2\/types\/post"}],"author":[{"embeddable":true,"href":"https:\/\/www.dhhn.de\/en\/wp-json\/wp\/v2\/users\/2"}],"replies":[{"embeddable":true,"href":"https:\/\/www.dhhn.de\/en\/wp-json\/wp\/v2\/comments?post=745"}],"version-history":[{"count":3,"href":"https:\/\/www.dhhn.de\/en\/wp-json\/wp\/v2\/posts\/745\/revisions"}],"predecessor-version":[{"id":748,"href":"https:\/\/www.dhhn.de\/en\/wp-json\/wp\/v2\/posts\/745\/revisions\/748"}],"wp:attachment":[{"href":"https:\/\/www.dhhn.de\/en\/wp-json\/wp\/v2\/media?parent=745"}],"wp:term":[{"taxonomy":"category","embeddable":true,"href":"https:\/\/www.dhhn.de\/en\/wp-json\/wp\/v2\/categories?post=745"},{"taxonomy":"post_tag","embeddable":true,"href":"https:\/\/www.dhhn.de\/en\/wp-json\/wp\/v2\/tags?post=745"}],"curies":[{"name":"wp","href":"https:\/\/api.w.org\/{rel}","templated":true}]}}